{"id":7755,"date":"2016-02-25T19:10:52","date_gmt":"2016-02-25T18:10:52","guid":{"rendered":"https:\/\/dev.servicemanualsgsxr.com\/?p=38728"},"modified":"2016-02-25T19:10:52","modified_gmt":"2016-02-25T18:10:52","slug":"casco-agv-corsa-w-miller-2015","status":"publish","type":"post","link":"https:\/\/servicemanualsgsxr.com\/es\/accesorios\/accesorios-motorista\/cascos-de-moto\/casco-agv-corsa-w-miller-2015\/","title":{"rendered":"Casco AGV Corsa W Miller 2015"},"content":{"rendered":"<p style=\"text-align: justify;\">Casco AGV Corsa W Miller 2015. Calota exterior realizada con fibras compuestas (fibra de vidrio, fibra de Carbono y Kevlar). Dispone de 4 tama\u00f1os de calota para ajustarse mejor a cada talla. Sistema de ventilaci\u00f3n integrado en la calota. Interior totalmente extra\u00edble y lavable. Pantalla plana, antirayas y con tratamiento antivaho. La pantalla incorpora soportes Tear-Off y ofrece protecci\u00f3n 100% UV. El mecanismo de la pantalla es de nueva factura y permite desmontar la pantalla sin herramientas. Cierre con doble anilla. Se vende con pantalla clara.<\/p>\n<p style=\"text-align: justify;\"><strong>Nueva pantalla.<\/strong> Dise\u00f1ada en pl\u00e1stico irrompible, con un espesor de 3,3 mm, dispone de cierre \u00abMicro-lock\u00bb frontal para evitar que se pueda abrir. Ofrece 15\u00ba m\u00e1s de visibilidad frontal y un 9% m\u00e1s de visibilidad total. Incorpora soportes Tear-Off.<\/p>\n<p style=\"text-align: justify;\"><strong>Nuevo mecanismo de la pantalla.<\/strong> Nuevo dise\u00f1o reduciendo al m\u00e1ximo el mecanismo (71% m\u00e1s peque\u00f1o que en el Gp-Tech) para ganar en protecci\u00f3n en la zona lateral. Las piezas son met\u00e1licas para una mayor resistencia. Sistema de \u00abroto-translaci\u00f3n\u00bb en el mecanismo para un perfecto ajuste de la pantalla con el casco.<\/p>\n<p style=\"text-align: justify;\"><strong>Interior del casco.<\/strong> Sistema totalmente revolucionario que permite ajustar el casco perfectamente a la forma de la cabeza del piloto. Las tiras de velcro se pueden ajustar en diferentes direcciones, as\u00ed como poner o quitar espumas de la nuca. Las espumas de la zona de las mejillas se pueden \u00abensanchar\u00bb con unas espumas adicionales que se incluyen como accesorio. El interior ha sido dise\u00f1ado sin costuras y con 3 densidades diferentes para un mayor confort. Est\u00e1 confeccionado con material Dry-lex para una absorci\u00f3n total del sudor y una mayor transpiraci\u00f3n.<\/p>\n<p style=\"text-align: justify;\">Tallas XS a XXL. Su precio ronda los 720\u20ac.<\/p>\n","protected":false},"excerpt":{"rendered":"<p>Casco AGV Corsa W Miller 2015. Calota exterior realizada con fibras compuestas (fibra de vidrio, fibra de Carbono y Kevlar). Dispone de 4 tama\u00f1os de calota para ajustarse mejor a cada talla. Sistema de ventilaci\u00f3n integrado en la calota. Interior totalmente extra\u00edble y lavable. Pantalla plana, antirayas y con tratamiento antivaho. La pantalla incorpora soportes [&hellip;]<\/p>\n","protected":false},"author":1,"featured_media":7757,"comment_status":"closed","ping_status":"closed","sticky":false,"template":"","format":"standard","meta":{"footnotes":""},"categories":[78],"tags":[18,79,21,80],"class_list":["post-7755","post","type-post","status-publish","format-standard","has-post-thumbnail","hentry","category-cascos-de-moto","tag-accesorios","tag-accesorios-motorista","tag-carbono","tag-casco"],"yoast_head":"<!-- This site is optimized with the Yoast SEO plugin v27.5 - https:\/\/yoast.com\/product\/yoast-seo-wordpress\/ -->\n<title>Casco AGV Corsa W Miller 2015 | Motocicletas Suzuki<\/title>\n<meta name=\"robots\" content=\"index, follow, max-snippet:-1, max-image-preview:large, max-video-preview:-1\" \/>\n<link rel=\"canonical\" href=\"https:\/\/servicemanualsgsxr.com\/es\/accesorios\/accesorios-motorista\/cascos-de-moto\/casco-agv-corsa-w-miller-2015\/\" \/>\n<meta property=\"og:locale\" content=\"es_ES\" \/>\n<meta property=\"og:type\" content=\"article\" \/>\n<meta property=\"og:title\" content=\"Casco AGV Corsa W Miller 2015 | Motocicletas Suzuki\" \/>\n<meta property=\"og:description\" content=\"Casco AGV Corsa W Miller 2015. Calota exterior realizada con fibras compuestas (fibra de vidrio, fibra de Carbono y Kevlar). Dispone de 4 tama\u00f1os de calota para ajustarse mejor a cada talla. Sistema de ventilaci\u00f3n integrado en la calota. Interior totalmente extra\u00edble y lavable. Pantalla plana, antirayas y con tratamiento antivaho. La pantalla incorpora soportes [&hellip;]\" \/>\n<meta property=\"og:url\" content=\"https:\/\/servicemanualsgsxr.com\/es\/accesorios\/accesorios-motorista\/cascos-de-moto\/casco-agv-corsa-w-miller-2015\/\" \/>\n<meta property=\"og:site_name\" content=\"Motocicletas Suzuki\" \/>\n<meta property=\"article:published_time\" content=\"2016-02-25T18:10:52+00:00\" \/>\n<meta property=\"og:image\" content=\"https:\/\/servicemanualsgsxr.com\/es\/wp-content\/uploads\/2023\/09\/suzuki-motorcycles-logo.png\" \/>\n\t<meta property=\"og:image:width\" content=\"670\" \/>\n\t<meta property=\"og:image:height\" content=\"126\" \/>\n\t<meta property=\"og:image:type\" content=\"image\/png\" \/>\n<meta name=\"author\" content=\"Suzuki Motocicletas\" \/>\n<meta name=\"twitter:card\" content=\"summary_large_image\" \/>\n<meta name=\"twitter:label1\" content=\"Escrito por\" \/>\n\t<meta name=\"twitter:data1\" content=\"Suzuki Motocicletas\" \/>\n\t<meta name=\"twitter:label2\" content=\"Tiempo de lectura\" \/>\n\t<meta name=\"twitter:data2\" content=\"1 minuto\" \/>\n<script type=\"application\/ld+json\" class=\"yoast-schema-graph\">{\"@context\":\"https:\\\/\\\/schema.org\",\"@graph\":[{\"@type\":\"Article\",\"@id\":\"https:\\\/\\\/servicemanualsgsxr.com\\\/es\\\/accesorios\\\/accesorios-motorista\\\/cascos-de-moto\\\/casco-agv-corsa-w-miller-2015\\\/#article\",\"isPartOf\":{\"@id\":\"https:\\\/\\\/servicemanualsgsxr.com\\\/es\\\/accesorios\\\/accesorios-motorista\\\/cascos-de-moto\\\/casco-agv-corsa-w-miller-2015\\\/\"},\"author\":{\"name\":\"Suzuki Motocicletas\",\"@id\":\"https:\\\/\\\/servicemanualsgsxr.com\\\/es\\\/#\\\/schema\\\/person\\\/b2452f1f1c397049f68165f3dd829646\"},\"headline\":\"Casco AGV Corsa W Miller 2015\",\"datePublished\":\"2016-02-25T18:10:52+00:00\",\"mainEntityOfPage\":{\"@id\":\"https:\\\/\\\/servicemanualsgsxr.com\\\/es\\\/accesorios\\\/accesorios-motorista\\\/cascos-de-moto\\\/casco-agv-corsa-w-miller-2015\\\/\"},\"wordCount\":289,\"publisher\":{\"@id\":\"https:\\\/\\\/servicemanualsgsxr.com\\\/es\\\/#organization\"},\"image\":{\"@id\":\"https:\\\/\\\/servicemanualsgsxr.com\\\/es\\\/accesorios\\\/accesorios-motorista\\\/cascos-de-moto\\\/casco-agv-corsa-w-miller-2015\\\/#primaryimage\"},\"thumbnailUrl\":\"https:\\\/\\\/servicemanualsgsxr.com\\\/es\\\/wp-content\\\/uploads\\\/2016\\\/02\\\/casco-agv-corsa-w-miller-2015-1.jpg\",\"keywords\":[\"Accesorios\",\"accesorios motorista\",\"carbono\",\"casco\"],\"articleSection\":[\"Cascos de moto\"],\"inLanguage\":\"es\"},{\"@type\":\"WebPage\",\"@id\":\"https:\\\/\\\/servicemanualsgsxr.com\\\/es\\\/accesorios\\\/accesorios-motorista\\\/cascos-de-moto\\\/casco-agv-corsa-w-miller-2015\\\/\",\"url\":\"https:\\\/\\\/servicemanualsgsxr.com\\\/es\\\/accesorios\\\/accesorios-motorista\\\/cascos-de-moto\\\/casco-agv-corsa-w-miller-2015\\\/\",\"name\":\"Casco AGV Corsa W Miller 2015 | Motocicletas Suzuki\",\"isPartOf\":{\"@id\":\"https:\\\/\\\/servicemanualsgsxr.com\\\/es\\\/#website\"},\"primaryImageOfPage\":{\"@id\":\"https:\\\/\\\/servicemanualsgsxr.com\\\/es\\\/accesorios\\\/accesorios-motorista\\\/cascos-de-moto\\\/casco-agv-corsa-w-miller-2015\\\/#primaryimage\"},\"image\":{\"@id\":\"https:\\\/\\\/servicemanualsgsxr.com\\\/es\\\/accesorios\\\/accesorios-motorista\\\/cascos-de-moto\\\/casco-agv-corsa-w-miller-2015\\\/#primaryimage\"},\"thumbnailUrl\":\"https:\\\/\\\/servicemanualsgsxr.com\\\/es\\\/wp-content\\\/uploads\\\/2016\\\/02\\\/casco-agv-corsa-w-miller-2015-1.jpg\",\"datePublished\":\"2016-02-25T18:10:52+00:00\",\"breadcrumb\":{\"@id\":\"https:\\\/\\\/servicemanualsgsxr.com\\\/es\\\/accesorios\\\/accesorios-motorista\\\/cascos-de-moto\\\/casco-agv-corsa-w-miller-2015\\\/#breadcrumb\"},\"inLanguage\":\"es\",\"potentialAction\":[{\"@type\":\"ReadAction\",\"target\":[\"https:\\\/\\\/servicemanualsgsxr.com\\\/es\\\/accesorios\\\/accesorios-motorista\\\/cascos-de-moto\\\/casco-agv-corsa-w-miller-2015\\\/\"]}]},{\"@type\":\"ImageObject\",\"inLanguage\":\"es\",\"@id\":\"https:\\\/\\\/servicemanualsgsxr.com\\\/es\\\/accesorios\\\/accesorios-motorista\\\/cascos-de-moto\\\/casco-agv-corsa-w-miller-2015\\\/#primaryimage\",\"url\":\"https:\\\/\\\/servicemanualsgsxr.com\\\/es\\\/wp-content\\\/uploads\\\/2016\\\/02\\\/casco-agv-corsa-w-miller-2015-1.jpg\",\"contentUrl\":\"https:\\\/\\\/servicemanualsgsxr.com\\\/es\\\/wp-content\\\/uploads\\\/2016\\\/02\\\/casco-agv-corsa-w-miller-2015-1.jpg\",\"width\":800,\"height\":800,\"caption\":\"Casco AGV Corsa W Miller 2015\"},{\"@type\":\"BreadcrumbList\",\"@id\":\"https:\\\/\\\/servicemanualsgsxr.com\\\/es\\\/accesorios\\\/accesorios-motorista\\\/cascos-de-moto\\\/casco-agv-corsa-w-miller-2015\\\/#breadcrumb\",\"itemListElement\":[{\"@type\":\"ListItem\",\"position\":1,\"name\":\"Portada\",\"item\":\"https:\\\/\\\/servicemanualsgsxr.com\\\/es\\\/\"},{\"@type\":\"ListItem\",\"position\":2,\"name\":\"Casco AGV Corsa W Miller 2015\"}]},{\"@type\":\"WebSite\",\"@id\":\"https:\\\/\\\/servicemanualsgsxr.com\\\/es\\\/#website\",\"url\":\"https:\\\/\\\/servicemanualsgsxr.com\\\/es\\\/\",\"name\":\"Motocicletas Suzuki\",\"description\":\"Noticias, informaci\u00f3n y fichas t\u00e9cnicas de motocicletas Suzuki en los modelos deportivas, carretera, trail sport turismo, scooter, cruiser, motocross y enduro\",\"publisher\":{\"@id\":\"https:\\\/\\\/servicemanualsgsxr.com\\\/es\\\/#organization\"},\"potentialAction\":[{\"@type\":\"SearchAction\",\"target\":{\"@type\":\"EntryPoint\",\"urlTemplate\":\"https:\\\/\\\/servicemanualsgsxr.com\\\/es\\\/?s={search_term_string}\"},\"query-input\":{\"@type\":\"PropertyValueSpecification\",\"valueRequired\":true,\"valueName\":\"search_term_string\"}}],\"inLanguage\":\"es\"},{\"@type\":\"Organization\",\"@id\":\"https:\\\/\\\/servicemanualsgsxr.com\\\/es\\\/#organization\",\"name\":\"Motocicletas Suzuki\",\"url\":\"https:\\\/\\\/servicemanualsgsxr.com\\\/es\\\/\",\"logo\":{\"@type\":\"ImageObject\",\"inLanguage\":\"es\",\"@id\":\"https:\\\/\\\/servicemanualsgsxr.com\\\/es\\\/#\\\/schema\\\/logo\\\/image\\\/\",\"url\":\"https:\\\/\\\/servicemanualsgsxr.com\\\/es\\\/wp-content\\\/uploads\\\/2023\\\/09\\\/suzuki-motorcycles-logo.png\",\"contentUrl\":\"https:\\\/\\\/servicemanualsgsxr.com\\\/es\\\/wp-content\\\/uploads\\\/2023\\\/09\\\/suzuki-motorcycles-logo.png\",\"width\":670,\"height\":126,\"caption\":\"Motocicletas Suzuki\"},\"image\":{\"@id\":\"https:\\\/\\\/servicemanualsgsxr.com\\\/es\\\/#\\\/schema\\\/logo\\\/image\\\/\"}},{\"@type\":\"Person\",\"@id\":\"https:\\\/\\\/servicemanualsgsxr.com\\\/es\\\/#\\\/schema\\\/person\\\/b2452f1f1c397049f68165f3dd829646\",\"name\":\"Suzuki Motocicletas\",\"image\":{\"@type\":\"ImageObject\",\"inLanguage\":\"es\",\"@id\":\"https:\\\/\\\/secure.gravatar.com\\\/avatar\\\/981a5def2f1be828444400f539b770cc31b7cb6754c855753f59abb58aefeec2?s=96&d=mm&r=g\",\"url\":\"https:\\\/\\\/secure.gravatar.com\\\/avatar\\\/981a5def2f1be828444400f539b770cc31b7cb6754c855753f59abb58aefeec2?s=96&d=mm&r=g\",\"contentUrl\":\"https:\\\/\\\/secure.gravatar.com\\\/avatar\\\/981a5def2f1be828444400f539b770cc31b7cb6754c855753f59abb58aefeec2?s=96&d=mm&r=g\",\"caption\":\"Suzuki Motocicletas\"},\"sameAs\":[\"https:\\\/\\\/servicemanualsgsxr.com\\\/es\"],\"url\":\"https:\\\/\\\/servicemanualsgsxr.com\\\/es\\\/author\\\/root\\\/\"}]}<\/script>\n<!-- \/ Yoast SEO plugin. -->","yoast_head_json":{"title":"Casco AGV Corsa W Miller 2015 | Motocicletas Suzuki","robots":{"index":"index","follow":"follow","max-snippet":"max-snippet:-1","max-image-preview":"max-image-preview:large","max-video-preview":"max-video-preview:-1"},"canonical":"https:\/\/servicemanualsgsxr.com\/es\/accesorios\/accesorios-motorista\/cascos-de-moto\/casco-agv-corsa-w-miller-2015\/","og_locale":"es_ES","og_type":"article","og_title":"Casco AGV Corsa W Miller 2015 | Motocicletas Suzuki","og_description":"Casco AGV Corsa W Miller 2015. Calota exterior realizada con fibras compuestas (fibra de vidrio, fibra de Carbono y Kevlar). Dispone de 4 tama\u00f1os de calota para ajustarse mejor a cada talla. Sistema de ventilaci\u00f3n integrado en la calota. Interior totalmente extra\u00edble y lavable. Pantalla plana, antirayas y con tratamiento antivaho. La pantalla incorpora soportes [&hellip;]","og_url":"https:\/\/servicemanualsgsxr.com\/es\/accesorios\/accesorios-motorista\/cascos-de-moto\/casco-agv-corsa-w-miller-2015\/","og_site_name":"Motocicletas Suzuki","article_published_time":"2016-02-25T18:10:52+00:00","og_image":[{"width":670,"height":126,"url":"https:\/\/servicemanualsgsxr.com\/es\/wp-content\/uploads\/2023\/09\/suzuki-motorcycles-logo.png","type":"image\/png"}],"author":"Suzuki Motocicletas","twitter_card":"summary_large_image","twitter_misc":{"Escrito por":"Suzuki Motocicletas","Tiempo de lectura":"1 minuto"},"schema":{"@context":"https:\/\/schema.org","@graph":[{"@type":"Article","@id":"https:\/\/servicemanualsgsxr.com\/es\/accesorios\/accesorios-motorista\/cascos-de-moto\/casco-agv-corsa-w-miller-2015\/#article","isPartOf":{"@id":"https:\/\/servicemanualsgsxr.com\/es\/accesorios\/accesorios-motorista\/cascos-de-moto\/casco-agv-corsa-w-miller-2015\/"},"author":{"name":"Suzuki Motocicletas","@id":"https:\/\/servicemanualsgsxr.com\/es\/#\/schema\/person\/b2452f1f1c397049f68165f3dd829646"},"headline":"Casco AGV Corsa W Miller 2015","datePublished":"2016-02-25T18:10:52+00:00","mainEntityOfPage":{"@id":"https:\/\/servicemanualsgsxr.com\/es\/accesorios\/accesorios-motorista\/cascos-de-moto\/casco-agv-corsa-w-miller-2015\/"},"wordCount":289,"publisher":{"@id":"https:\/\/servicemanualsgsxr.com\/es\/#organization"},"image":{"@id":"https:\/\/servicemanualsgsxr.com\/es\/accesorios\/accesorios-motorista\/cascos-de-moto\/casco-agv-corsa-w-miller-2015\/#primaryimage"},"thumbnailUrl":"https:\/\/servicemanualsgsxr.com\/es\/wp-content\/uploads\/2016\/02\/casco-agv-corsa-w-miller-2015-1.jpg","keywords":["Accesorios","accesorios motorista","carbono","casco"],"articleSection":["Cascos de moto"],"inLanguage":"es"},{"@type":"WebPage","@id":"https:\/\/servicemanualsgsxr.com\/es\/accesorios\/accesorios-motorista\/cascos-de-moto\/casco-agv-corsa-w-miller-2015\/","url":"https:\/\/servicemanualsgsxr.com\/es\/accesorios\/accesorios-motorista\/cascos-de-moto\/casco-agv-corsa-w-miller-2015\/","name":"Casco AGV Corsa W Miller 2015 | Motocicletas Suzuki","isPartOf":{"@id":"https:\/\/servicemanualsgsxr.com\/es\/#website"},"primaryImageOfPage":{"@id":"https:\/\/servicemanualsgsxr.com\/es\/accesorios\/accesorios-motorista\/cascos-de-moto\/casco-agv-corsa-w-miller-2015\/#primaryimage"},"image":{"@id":"https:\/\/servicemanualsgsxr.com\/es\/accesorios\/accesorios-motorista\/cascos-de-moto\/casco-agv-corsa-w-miller-2015\/#primaryimage"},"thumbnailUrl":"https:\/\/servicemanualsgsxr.com\/es\/wp-content\/uploads\/2016\/02\/casco-agv-corsa-w-miller-2015-1.jpg","datePublished":"2016-02-25T18:10:52+00:00","breadcrumb":{"@id":"https:\/\/servicemanualsgsxr.com\/es\/accesorios\/accesorios-motorista\/cascos-de-moto\/casco-agv-corsa-w-miller-2015\/#breadcrumb"},"inLanguage":"es","potentialAction":[{"@type":"ReadAction","target":["https:\/\/servicemanualsgsxr.com\/es\/accesorios\/accesorios-motorista\/cascos-de-moto\/casco-agv-corsa-w-miller-2015\/"]}]},{"@type":"ImageObject","inLanguage":"es","@id":"https:\/\/servicemanualsgsxr.com\/es\/accesorios\/accesorios-motorista\/cascos-de-moto\/casco-agv-corsa-w-miller-2015\/#primaryimage","url":"https:\/\/servicemanualsgsxr.com\/es\/wp-content\/uploads\/2016\/02\/casco-agv-corsa-w-miller-2015-1.jpg","contentUrl":"https:\/\/servicemanualsgsxr.com\/es\/wp-content\/uploads\/2016\/02\/casco-agv-corsa-w-miller-2015-1.jpg","width":800,"height":800,"caption":"Casco AGV Corsa W Miller 2015"},{"@type":"BreadcrumbList","@id":"https:\/\/servicemanualsgsxr.com\/es\/accesorios\/accesorios-motorista\/cascos-de-moto\/casco-agv-corsa-w-miller-2015\/#breadcrumb","itemListElement":[{"@type":"ListItem","position":1,"name":"Portada","item":"https:\/\/servicemanualsgsxr.com\/es\/"},{"@type":"ListItem","position":2,"name":"Casco AGV Corsa W Miller 2015"}]},{"@type":"WebSite","@id":"https:\/\/servicemanualsgsxr.com\/es\/#website","url":"https:\/\/servicemanualsgsxr.com\/es\/","name":"Motocicletas Suzuki","description":"Noticias, informaci\u00f3n y fichas t\u00e9cnicas de motocicletas Suzuki en los modelos deportivas, carretera, trail sport turismo, scooter, cruiser, motocross y enduro","publisher":{"@id":"https:\/\/servicemanualsgsxr.com\/es\/#organization"},"potentialAction":[{"@type":"SearchAction","target":{"@type":"EntryPoint","urlTemplate":"https:\/\/servicemanualsgsxr.com\/es\/?s={search_term_string}"},"query-input":{"@type":"PropertyValueSpecification","valueRequired":true,"valueName":"search_term_string"}}],"inLanguage":"es"},{"@type":"Organization","@id":"https:\/\/servicemanualsgsxr.com\/es\/#organization","name":"Motocicletas Suzuki","url":"https:\/\/servicemanualsgsxr.com\/es\/","logo":{"@type":"ImageObject","inLanguage":"es","@id":"https:\/\/servicemanualsgsxr.com\/es\/#\/schema\/logo\/image\/","url":"https:\/\/servicemanualsgsxr.com\/es\/wp-content\/uploads\/2023\/09\/suzuki-motorcycles-logo.png","contentUrl":"https:\/\/servicemanualsgsxr.com\/es\/wp-content\/uploads\/2023\/09\/suzuki-motorcycles-logo.png","width":670,"height":126,"caption":"Motocicletas Suzuki"},"image":{"@id":"https:\/\/servicemanualsgsxr.com\/es\/#\/schema\/logo\/image\/"}},{"@type":"Person","@id":"https:\/\/servicemanualsgsxr.com\/es\/#\/schema\/person\/b2452f1f1c397049f68165f3dd829646","name":"Suzuki Motocicletas","image":{"@type":"ImageObject","inLanguage":"es","@id":"https:\/\/secure.gravatar.com\/avatar\/981a5def2f1be828444400f539b770cc31b7cb6754c855753f59abb58aefeec2?s=96&d=mm&r=g","url":"https:\/\/secure.gravatar.com\/avatar\/981a5def2f1be828444400f539b770cc31b7cb6754c855753f59abb58aefeec2?s=96&d=mm&r=g","contentUrl":"https:\/\/secure.gravatar.com\/avatar\/981a5def2f1be828444400f539b770cc31b7cb6754c855753f59abb58aefeec2?s=96&d=mm&r=g","caption":"Suzuki Motocicletas"},"sameAs":["https:\/\/servicemanualsgsxr.com\/es"],"url":"https:\/\/servicemanualsgsxr.com\/es\/author\/root\/"}]}},"_links":{"self":[{"href":"https:\/\/servicemanualsgsxr.com\/es\/wp-json\/wp\/v2\/posts\/7755","targetHints":{"allow":["GET"]}}],"collection":[{"href":"https:\/\/servicemanualsgsxr.com\/es\/wp-json\/wp\/v2\/posts"}],"about":[{"href":"https:\/\/servicemanualsgsxr.com\/es\/wp-json\/wp\/v2\/types\/post"}],"author":[{"embeddable":true,"href":"https:\/\/servicemanualsgsxr.com\/es\/wp-json\/wp\/v2\/users\/1"}],"replies":[{"embeddable":true,"href":"https:\/\/servicemanualsgsxr.com\/es\/wp-json\/wp\/v2\/comments?post=7755"}],"version-history":[{"count":0,"href":"https:\/\/servicemanualsgsxr.com\/es\/wp-json\/wp\/v2\/posts\/7755\/revisions"}],"wp:featuredmedia":[{"embeddable":true,"href":"https:\/\/servicemanualsgsxr.com\/es\/wp-json\/wp\/v2\/media\/7757"}],"wp:attachment":[{"href":"https:\/\/servicemanualsgsxr.com\/es\/wp-json\/wp\/v2\/media?parent=7755"}],"wp:term":[{"taxonomy":"category","embeddable":true,"href":"https:\/\/servicemanualsgsxr.com\/es\/wp-json\/wp\/v2\/categories?post=7755"},{"taxonomy":"post_tag","embeddable":true,"href":"https:\/\/servicemanualsgsxr.com\/es\/wp-json\/wp\/v2\/tags?post=7755"}],"curies":[{"name":"wp","href":"https:\/\/api.w.org\/{rel}","templated":true}]}}