{"id":7416,"date":"2015-03-17T18:44:30","date_gmt":"2015-03-17T17:44:30","guid":{"rendered":"https:\/\/dev.servicemanualsgsxr.com\/?p=37725"},"modified":"2015-03-17T18:44:30","modified_gmt":"2015-03-17T17:44:30","slug":"video-team-suzuki-ecstar-los-pilotos","status":"publish","type":"post","link":"https:\/\/servicemanualsgsxr.com\/es\/multimedia\/videos\/video-team-suzuki-ecstar-los-pilotos\/","title":{"rendered":"Video Team SUZUKI ECSTAR &#8211; Los Pilotos"},"content":{"rendered":"<p>https:\/\/youtu.be\/Yxfd5M6aQNE<\/p>\n<p style=\"text-align: justify;\">Seguimos con los videos del Team SuzukI ECSTAR, esta vez os traigo a los pilotos que componen en nuevo equipo Suzuki para la temporada 2015 en la categor\u00eda reina del Campeonato del Mundo de MotoGP.<\/p>\n<p style=\"text-align: justify;\">Como hab\u00e9is estado viendo estos d\u00edas pasados,\u00a0Aleix Espargar\u00f3 y Maverick Vi\u00f1ales, son los\u00a0j\u00f3venes pilotos espa\u00f1oles que se preparan para el\u00a0comienzo del mundial, el 29 de marzo en Losail, Qatar.<\/p>\n<p style=\"text-align: justify;\">Este fin de semana pasado, estuvieron entrenando en el circuito de Losail, dejando muy buenos resultados en pista. Tanto Aleix Espargar\u00f3 como Maverick Vi\u00f1ales empleaban las jornadas en adaptar sus nuevas monturas al trazado de Losail, ya que esta pretemporada\u00a0s\u00f3lo hab\u00edan rodado en Sepang, logrando nuevos avances en la puesta a punto. Al final del\u00a0primer d\u00eda\u00a0del test Espargar\u00f3 terminaba cuarto en la clasificaci\u00f3n con un tiempo de 1\u201955.698, mientras que Vi\u00f1ales rodaba en 1\u201956.151 para ser und\u00e9cimo.<\/p>\n<p style=\"text-align: justify;\"><strong>Espargar\u00f3:<\/strong>\u00a0\u201cHoy me he concentrado en la puesta a punto para esta pista. Los tiempos no han sido malos, pero todav\u00eda nos queda donde mejorar. He montado neum\u00e1ticos blandos y duros, el primero es muy competitivo, pero se deteriora r\u00e1pidamente. Me siento mejor con el duro y mi ritmo no es mucho m\u00e1s lento. Despu\u00e9s de diez u once vueltas el agarre desaparece, as\u00ed que tenemos que trabajar con la electr\u00f3nica para contrarrestar este efecto. B\u00e1sicamente hemos usado la puesta a punto de Sepang 2, mejorando paso a paso y concretamente en el control de tracci\u00f3n, lo que creo es la clave para tener ritmo con el neum\u00e1tico duro en tandas largas. Tenemos algunas mejoras que probar en los pr\u00f3ximos dos d\u00edas, la prioridad es ganar tracci\u00f3n en larga distancia y dar con una puesta c\u00f3moda para la carrera\u201d.<\/p>\n<p style=\"text-align: justify;\"><strong>Vi\u00f1ales:<\/strong>\u00a0\u201cEstoy satisfecho por este primer d\u00eda porque por fin he podido probar la moto en un circuito nuevo. Hemos trabajado mucho en mi adaptaci\u00f3n al trazado, as\u00ed como ultimando la electr\u00f3nica y la puesta a punto. Losail tiene un ambiente muy peculiar, necesito tiempo para acostumbrarme a las condiciones y adaptar la moto, pero hemos seguido mejorando en la electr\u00f3nica, sobre todo en el control de tracci\u00f3n. He cometido un par de errores frenando y me he ca\u00eddo, pero no me preocupa porque s\u00e9 que han sido responsabilidad m\u00eda y la moto est\u00e1 mejorando tal como esper\u00e1bamos\u201d.<\/p>\n<p style=\"text-align: justify;\">Video | <a title=\"Video Team SUZUKI ECSTAR - Los pilotos\" href=\"https:\/\/youtu.be\/Yxfd5M6aQNE\" target=\"_blank\" rel=\"noopener noreferrer\">Youtube<\/a><\/p>\n","protected":false},"excerpt":{"rendered":"<p>https:\/\/youtu.be\/Yxfd5M6aQNE Seguimos con los videos del Team SuzukI ECSTAR, esta vez os traigo a los pilotos que componen en nuevo equipo Suzuki para la temporada 2015 en la categor\u00eda reina del Campeonato del Mundo de MotoGP. Como hab\u00e9is estado viendo estos d\u00edas pasados,\u00a0Aleix Espargar\u00f3 y Maverick Vi\u00f1ales, son los\u00a0j\u00f3venes pilotos espa\u00f1oles que se preparan para [&hellip;]<\/p>\n","protected":false},"author":1,"featured_media":7417,"comment_status":"closed","ping_status":"closed","sticky":false,"template":"","format":"standard","meta":{"footnotes":""},"categories":[188,24],"tags":[460,458,88,115,486,14,477,459,30],"class_list":["post-7416","post","type-post","status-publish","format-standard","has-post-thumbnail","hentry","category-multimedia","category-videos","tag-aleix-espargaro","tag-maverick-vinales","tag-motogp","tag-pilotos","tag-qatar","tag-suzuki","tag-suzuki-ecstar","tag-suzuki-gsx-rr","tag-video"],"yoast_head":"<!-- This site is optimized with the Yoast SEO plugin v27.2 - https:\/\/yoast.com\/product\/yoast-seo-wordpress\/ -->\n<title>Video Team SUZUKI ECSTAR - Los Pilotos | Motocicletas Suzuki<\/title>\n<meta name=\"robots\" content=\"index, follow, max-snippet:-1, max-image-preview:large, max-video-preview:-1\" \/>\n<link rel=\"canonical\" href=\"https:\/\/servicemanualsgsxr.com\/es\/multimedia\/videos\/video-team-suzuki-ecstar-los-pilotos\/\" \/>\n<meta property=\"og:locale\" content=\"es_ES\" \/>\n<meta property=\"og:type\" content=\"article\" \/>\n<meta property=\"og:title\" content=\"Video Team SUZUKI ECSTAR - Los Pilotos | Motocicletas Suzuki\" \/>\n<meta property=\"og:description\" content=\"https:\/\/youtu.be\/Yxfd5M6aQNE Seguimos con los videos del Team SuzukI ECSTAR, esta vez os traigo a los pilotos que componen en nuevo equipo Suzuki para la temporada 2015 en la categor\u00eda reina del Campeonato del Mundo de MotoGP. Como hab\u00e9is estado viendo estos d\u00edas pasados,\u00a0Aleix Espargar\u00f3 y Maverick Vi\u00f1ales, son los\u00a0j\u00f3venes pilotos espa\u00f1oles que se preparan para [&hellip;]\" \/>\n<meta property=\"og:url\" content=\"https:\/\/servicemanualsgsxr.com\/es\/multimedia\/videos\/video-team-suzuki-ecstar-los-pilotos\/\" \/>\n<meta property=\"og:site_name\" content=\"Motocicletas Suzuki\" \/>\n<meta property=\"article:published_time\" content=\"2015-03-17T17:44:30+00:00\" \/>\n<meta property=\"og:image\" content=\"https:\/\/servicemanualsgsxr.com\/es\/wp-content\/uploads\/2023\/09\/suzuki-motorcycles-logo.png\" \/>\n\t<meta property=\"og:image:width\" content=\"670\" \/>\n\t<meta property=\"og:image:height\" content=\"126\" \/>\n\t<meta property=\"og:image:type\" content=\"image\/png\" \/>\n<meta name=\"author\" content=\"Suzuki Motocicletas\" \/>\n<meta name=\"twitter:card\" content=\"summary_large_image\" \/>\n<meta name=\"twitter:label1\" content=\"Escrito por\" \/>\n\t<meta name=\"twitter:data1\" content=\"Suzuki Motocicletas\" \/>\n\t<meta name=\"twitter:label2\" content=\"Tiempo de lectura\" \/>\n\t<meta name=\"twitter:data2\" content=\"2 minutos\" \/>\n<script type=\"application\/ld+json\" class=\"yoast-schema-graph\">{\"@context\":\"https:\/\/schema.org\",\"@graph\":[{\"@type\":\"Article\",\"@id\":\"https:\/\/servicemanualsgsxr.com\/es\/multimedia\/videos\/video-team-suzuki-ecstar-los-pilotos\/#article\",\"isPartOf\":{\"@id\":\"https:\/\/servicemanualsgsxr.com\/es\/multimedia\/videos\/video-team-suzuki-ecstar-los-pilotos\/\"},\"author\":{\"name\":\"Suzuki Motocicletas\",\"@id\":\"https:\/\/servicemanualsgsxr.com\/es\/#\/schema\/person\/b2452f1f1c397049f68165f3dd829646\"},\"headline\":\"Video Team SUZUKI ECSTAR &#8211; Los Pilotos\",\"datePublished\":\"2015-03-17T17:44:30+00:00\",\"mainEntityOfPage\":{\"@id\":\"https:\/\/servicemanualsgsxr.com\/es\/multimedia\/videos\/video-team-suzuki-ecstar-los-pilotos\/\"},\"wordCount\":429,\"publisher\":{\"@id\":\"https:\/\/servicemanualsgsxr.com\/es\/#organization\"},\"image\":{\"@id\":\"https:\/\/servicemanualsgsxr.com\/es\/multimedia\/videos\/video-team-suzuki-ecstar-los-pilotos\/#primaryimage\"},\"thumbnailUrl\":\"https:\/\/servicemanualsgsxr.com\/es\/wp-content\/uploads\/2015\/03\/maverick-vinales-aleix-espargaro-suzuki-ecstar-motogp-2015-video.jpg\",\"keywords\":[\"Aleix Espargar\u00f3\",\"Maverick Vi\u00f1ales\",\"MotoGP\",\"pilotos\",\"qatar\",\"Suzuki\",\"Suzuki ECSTAR\",\"Suzuki GSX-RR\",\"video\"],\"articleSection\":[\"Multimedia\",\"Videos\"],\"inLanguage\":\"es\"},{\"@type\":\"WebPage\",\"@id\":\"https:\/\/servicemanualsgsxr.com\/es\/multimedia\/videos\/video-team-suzuki-ecstar-los-pilotos\/\",\"url\":\"https:\/\/servicemanualsgsxr.com\/es\/multimedia\/videos\/video-team-suzuki-ecstar-los-pilotos\/\",\"name\":\"Video Team SUZUKI ECSTAR - Los Pilotos | Motocicletas Suzuki\",\"isPartOf\":{\"@id\":\"https:\/\/servicemanualsgsxr.com\/es\/#website\"},\"primaryImageOfPage\":{\"@id\":\"https:\/\/servicemanualsgsxr.com\/es\/multimedia\/videos\/video-team-suzuki-ecstar-los-pilotos\/#primaryimage\"},\"image\":{\"@id\":\"https:\/\/servicemanualsgsxr.com\/es\/multimedia\/videos\/video-team-suzuki-ecstar-los-pilotos\/#primaryimage\"},\"thumbnailUrl\":\"https:\/\/servicemanualsgsxr.com\/es\/wp-content\/uploads\/2015\/03\/maverick-vinales-aleix-espargaro-suzuki-ecstar-motogp-2015-video.jpg\",\"datePublished\":\"2015-03-17T17:44:30+00:00\",\"breadcrumb\":{\"@id\":\"https:\/\/servicemanualsgsxr.com\/es\/multimedia\/videos\/video-team-suzuki-ecstar-los-pilotos\/#breadcrumb\"},\"inLanguage\":\"es\",\"potentialAction\":[{\"@type\":\"ReadAction\",\"target\":[\"https:\/\/servicemanualsgsxr.com\/es\/multimedia\/videos\/video-team-suzuki-ecstar-los-pilotos\/\"]}]},{\"@type\":\"ImageObject\",\"inLanguage\":\"es\",\"@id\":\"https:\/\/servicemanualsgsxr.com\/es\/multimedia\/videos\/video-team-suzuki-ecstar-los-pilotos\/#primaryimage\",\"url\":\"https:\/\/servicemanualsgsxr.com\/es\/wp-content\/uploads\/2015\/03\/maverick-vinales-aleix-espargaro-suzuki-ecstar-motogp-2015-video.jpg\",\"contentUrl\":\"https:\/\/servicemanualsgsxr.com\/es\/wp-content\/uploads\/2015\/03\/maverick-vinales-aleix-espargaro-suzuki-ecstar-motogp-2015-video.jpg\",\"width\":800,\"height\":450,\"caption\":\"maverick vinales y aleix espargaro - suzuki ecstar - motogp 2015 video\"},{\"@type\":\"BreadcrumbList\",\"@id\":\"https:\/\/servicemanualsgsxr.com\/es\/multimedia\/videos\/video-team-suzuki-ecstar-los-pilotos\/#breadcrumb\",\"itemListElement\":[{\"@type\":\"ListItem\",\"position\":1,\"name\":\"Portada\",\"item\":\"https:\/\/servicemanualsgsxr.com\/es\/\"},{\"@type\":\"ListItem\",\"position\":2,\"name\":\"Video Team SUZUKI ECSTAR &#8211; Los Pilotos\"}]},{\"@type\":\"WebSite\",\"@id\":\"https:\/\/servicemanualsgsxr.com\/es\/#website\",\"url\":\"https:\/\/servicemanualsgsxr.com\/es\/\",\"name\":\"Motocicletas Suzuki\",\"description\":\"Noticias, informaci\u00f3n y fichas t\u00e9cnicas de motocicletas Suzuki en los modelos deportivas, carretera, trail sport turismo, scooter, cruiser, motocross y enduro\",\"publisher\":{\"@id\":\"https:\/\/servicemanualsgsxr.com\/es\/#organization\"},\"potentialAction\":[{\"@type\":\"SearchAction\",\"target\":{\"@type\":\"EntryPoint\",\"urlTemplate\":\"https:\/\/servicemanualsgsxr.com\/es\/?s={search_term_string}\"},\"query-input\":{\"@type\":\"PropertyValueSpecification\",\"valueRequired\":true,\"valueName\":\"search_term_string\"}}],\"inLanguage\":\"es\"},{\"@type\":\"Organization\",\"@id\":\"https:\/\/servicemanualsgsxr.com\/es\/#organization\",\"name\":\"Motocicletas Suzuki\",\"url\":\"https:\/\/servicemanualsgsxr.com\/es\/\",\"logo\":{\"@type\":\"ImageObject\",\"inLanguage\":\"es\",\"@id\":\"https:\/\/servicemanualsgsxr.com\/es\/#\/schema\/logo\/image\/\",\"url\":\"https:\/\/servicemanualsgsxr.com\/es\/wp-content\/uploads\/2023\/09\/suzuki-motorcycles-logo.png\",\"contentUrl\":\"https:\/\/servicemanualsgsxr.com\/es\/wp-content\/uploads\/2023\/09\/suzuki-motorcycles-logo.png\",\"width\":670,\"height\":126,\"caption\":\"Motocicletas Suzuki\"},\"image\":{\"@id\":\"https:\/\/servicemanualsgsxr.com\/es\/#\/schema\/logo\/image\/\"}},{\"@type\":\"Person\",\"@id\":\"https:\/\/servicemanualsgsxr.com\/es\/#\/schema\/person\/b2452f1f1c397049f68165f3dd829646\",\"name\":\"Suzuki Motocicletas\",\"image\":{\"@type\":\"ImageObject\",\"inLanguage\":\"es\",\"@id\":\"https:\/\/secure.gravatar.com\/avatar\/981a5def2f1be828444400f539b770cc31b7cb6754c855753f59abb58aefeec2?s=96&d=mm&r=g\",\"url\":\"https:\/\/secure.gravatar.com\/avatar\/981a5def2f1be828444400f539b770cc31b7cb6754c855753f59abb58aefeec2?s=96&d=mm&r=g\",\"contentUrl\":\"https:\/\/secure.gravatar.com\/avatar\/981a5def2f1be828444400f539b770cc31b7cb6754c855753f59abb58aefeec2?s=96&d=mm&r=g\",\"caption\":\"Suzuki Motocicletas\"},\"sameAs\":[\"https:\/\/servicemanualsgsxr.com\/es\"],\"url\":\"https:\/\/servicemanualsgsxr.com\/es\/author\/root\/\"}]}<\/script>\n<!-- \/ Yoast SEO plugin. -->","yoast_head_json":{"title":"Video Team SUZUKI ECSTAR - Los Pilotos | Motocicletas Suzuki","robots":{"index":"index","follow":"follow","max-snippet":"max-snippet:-1","max-image-preview":"max-image-preview:large","max-video-preview":"max-video-preview:-1"},"canonical":"https:\/\/servicemanualsgsxr.com\/es\/multimedia\/videos\/video-team-suzuki-ecstar-los-pilotos\/","og_locale":"es_ES","og_type":"article","og_title":"Video Team SUZUKI ECSTAR - Los Pilotos | Motocicletas Suzuki","og_description":"https:\/\/youtu.be\/Yxfd5M6aQNE Seguimos con los videos del Team SuzukI ECSTAR, esta vez os traigo a los pilotos que componen en nuevo equipo Suzuki para la temporada 2015 en la categor\u00eda reina del Campeonato del Mundo de MotoGP. Como hab\u00e9is estado viendo estos d\u00edas pasados,\u00a0Aleix Espargar\u00f3 y Maverick Vi\u00f1ales, son los\u00a0j\u00f3venes pilotos espa\u00f1oles que se preparan para [&hellip;]","og_url":"https:\/\/servicemanualsgsxr.com\/es\/multimedia\/videos\/video-team-suzuki-ecstar-los-pilotos\/","og_site_name":"Motocicletas Suzuki","article_published_time":"2015-03-17T17:44:30+00:00","og_image":[{"width":670,"height":126,"url":"https:\/\/servicemanualsgsxr.com\/es\/wp-content\/uploads\/2023\/09\/suzuki-motorcycles-logo.png","type":"image\/png"}],"author":"Suzuki Motocicletas","twitter_card":"summary_large_image","twitter_misc":{"Escrito por":"Suzuki Motocicletas","Tiempo de lectura":"2 minutos"},"schema":{"@context":"https:\/\/schema.org","@graph":[{"@type":"Article","@id":"https:\/\/servicemanualsgsxr.com\/es\/multimedia\/videos\/video-team-suzuki-ecstar-los-pilotos\/#article","isPartOf":{"@id":"https:\/\/servicemanualsgsxr.com\/es\/multimedia\/videos\/video-team-suzuki-ecstar-los-pilotos\/"},"author":{"name":"Suzuki Motocicletas","@id":"https:\/\/servicemanualsgsxr.com\/es\/#\/schema\/person\/b2452f1f1c397049f68165f3dd829646"},"headline":"Video Team SUZUKI ECSTAR &#8211; Los Pilotos","datePublished":"2015-03-17T17:44:30+00:00","mainEntityOfPage":{"@id":"https:\/\/servicemanualsgsxr.com\/es\/multimedia\/videos\/video-team-suzuki-ecstar-los-pilotos\/"},"wordCount":429,"publisher":{"@id":"https:\/\/servicemanualsgsxr.com\/es\/#organization"},"image":{"@id":"https:\/\/servicemanualsgsxr.com\/es\/multimedia\/videos\/video-team-suzuki-ecstar-los-pilotos\/#primaryimage"},"thumbnailUrl":"https:\/\/servicemanualsgsxr.com\/es\/wp-content\/uploads\/2015\/03\/maverick-vinales-aleix-espargaro-suzuki-ecstar-motogp-2015-video.jpg","keywords":["Aleix Espargar\u00f3","Maverick Vi\u00f1ales","MotoGP","pilotos","qatar","Suzuki","Suzuki ECSTAR","Suzuki GSX-RR","video"],"articleSection":["Multimedia","Videos"],"inLanguage":"es"},{"@type":"WebPage","@id":"https:\/\/servicemanualsgsxr.com\/es\/multimedia\/videos\/video-team-suzuki-ecstar-los-pilotos\/","url":"https:\/\/servicemanualsgsxr.com\/es\/multimedia\/videos\/video-team-suzuki-ecstar-los-pilotos\/","name":"Video Team SUZUKI ECSTAR - Los Pilotos | Motocicletas Suzuki","isPartOf":{"@id":"https:\/\/servicemanualsgsxr.com\/es\/#website"},"primaryImageOfPage":{"@id":"https:\/\/servicemanualsgsxr.com\/es\/multimedia\/videos\/video-team-suzuki-ecstar-los-pilotos\/#primaryimage"},"image":{"@id":"https:\/\/servicemanualsgsxr.com\/es\/multimedia\/videos\/video-team-suzuki-ecstar-los-pilotos\/#primaryimage"},"thumbnailUrl":"https:\/\/servicemanualsgsxr.com\/es\/wp-content\/uploads\/2015\/03\/maverick-vinales-aleix-espargaro-suzuki-ecstar-motogp-2015-video.jpg","datePublished":"2015-03-17T17:44:30+00:00","breadcrumb":{"@id":"https:\/\/servicemanualsgsxr.com\/es\/multimedia\/videos\/video-team-suzuki-ecstar-los-pilotos\/#breadcrumb"},"inLanguage":"es","potentialAction":[{"@type":"ReadAction","target":["https:\/\/servicemanualsgsxr.com\/es\/multimedia\/videos\/video-team-suzuki-ecstar-los-pilotos\/"]}]},{"@type":"ImageObject","inLanguage":"es","@id":"https:\/\/servicemanualsgsxr.com\/es\/multimedia\/videos\/video-team-suzuki-ecstar-los-pilotos\/#primaryimage","url":"https:\/\/servicemanualsgsxr.com\/es\/wp-content\/uploads\/2015\/03\/maverick-vinales-aleix-espargaro-suzuki-ecstar-motogp-2015-video.jpg","contentUrl":"https:\/\/servicemanualsgsxr.com\/es\/wp-content\/uploads\/2015\/03\/maverick-vinales-aleix-espargaro-suzuki-ecstar-motogp-2015-video.jpg","width":800,"height":450,"caption":"maverick vinales y aleix espargaro - suzuki ecstar - motogp 2015 video"},{"@type":"BreadcrumbList","@id":"https:\/\/servicemanualsgsxr.com\/es\/multimedia\/videos\/video-team-suzuki-ecstar-los-pilotos\/#breadcrumb","itemListElement":[{"@type":"ListItem","position":1,"name":"Portada","item":"https:\/\/servicemanualsgsxr.com\/es\/"},{"@type":"ListItem","position":2,"name":"Video Team SUZUKI ECSTAR &#8211; Los Pilotos"}]},{"@type":"WebSite","@id":"https:\/\/servicemanualsgsxr.com\/es\/#website","url":"https:\/\/servicemanualsgsxr.com\/es\/","name":"Motocicletas Suzuki","description":"Noticias, informaci\u00f3n y fichas t\u00e9cnicas de motocicletas Suzuki en los modelos deportivas, carretera, trail sport turismo, scooter, cruiser, motocross y enduro","publisher":{"@id":"https:\/\/servicemanualsgsxr.com\/es\/#organization"},"potentialAction":[{"@type":"SearchAction","target":{"@type":"EntryPoint","urlTemplate":"https:\/\/servicemanualsgsxr.com\/es\/?s={search_term_string}"},"query-input":{"@type":"PropertyValueSpecification","valueRequired":true,"valueName":"search_term_string"}}],"inLanguage":"es"},{"@type":"Organization","@id":"https:\/\/servicemanualsgsxr.com\/es\/#organization","name":"Motocicletas Suzuki","url":"https:\/\/servicemanualsgsxr.com\/es\/","logo":{"@type":"ImageObject","inLanguage":"es","@id":"https:\/\/servicemanualsgsxr.com\/es\/#\/schema\/logo\/image\/","url":"https:\/\/servicemanualsgsxr.com\/es\/wp-content\/uploads\/2023\/09\/suzuki-motorcycles-logo.png","contentUrl":"https:\/\/servicemanualsgsxr.com\/es\/wp-content\/uploads\/2023\/09\/suzuki-motorcycles-logo.png","width":670,"height":126,"caption":"Motocicletas Suzuki"},"image":{"@id":"https:\/\/servicemanualsgsxr.com\/es\/#\/schema\/logo\/image\/"}},{"@type":"Person","@id":"https:\/\/servicemanualsgsxr.com\/es\/#\/schema\/person\/b2452f1f1c397049f68165f3dd829646","name":"Suzuki Motocicletas","image":{"@type":"ImageObject","inLanguage":"es","@id":"https:\/\/secure.gravatar.com\/avatar\/981a5def2f1be828444400f539b770cc31b7cb6754c855753f59abb58aefeec2?s=96&d=mm&r=g","url":"https:\/\/secure.gravatar.com\/avatar\/981a5def2f1be828444400f539b770cc31b7cb6754c855753f59abb58aefeec2?s=96&d=mm&r=g","contentUrl":"https:\/\/secure.gravatar.com\/avatar\/981a5def2f1be828444400f539b770cc31b7cb6754c855753f59abb58aefeec2?s=96&d=mm&r=g","caption":"Suzuki Motocicletas"},"sameAs":["https:\/\/servicemanualsgsxr.com\/es"],"url":"https:\/\/servicemanualsgsxr.com\/es\/author\/root\/"}]}},"_links":{"self":[{"href":"https:\/\/servicemanualsgsxr.com\/es\/wp-json\/wp\/v2\/posts\/7416","targetHints":{"allow":["GET"]}}],"collection":[{"href":"https:\/\/servicemanualsgsxr.com\/es\/wp-json\/wp\/v2\/posts"}],"about":[{"href":"https:\/\/servicemanualsgsxr.com\/es\/wp-json\/wp\/v2\/types\/post"}],"author":[{"embeddable":true,"href":"https:\/\/servicemanualsgsxr.com\/es\/wp-json\/wp\/v2\/users\/1"}],"replies":[{"embeddable":true,"href":"https:\/\/servicemanualsgsxr.com\/es\/wp-json\/wp\/v2\/comments?post=7416"}],"version-history":[{"count":0,"href":"https:\/\/servicemanualsgsxr.com\/es\/wp-json\/wp\/v2\/posts\/7416\/revisions"}],"wp:featuredmedia":[{"embeddable":true,"href":"https:\/\/servicemanualsgsxr.com\/es\/wp-json\/wp\/v2\/media\/7417"}],"wp:attachment":[{"href":"https:\/\/servicemanualsgsxr.com\/es\/wp-json\/wp\/v2\/media?parent=7416"}],"wp:term":[{"taxonomy":"category","embeddable":true,"href":"https:\/\/servicemanualsgsxr.com\/es\/wp-json\/wp\/v2\/categories?post=7416"},{"taxonomy":"post_tag","embeddable":true,"href":"https:\/\/servicemanualsgsxr.com\/es\/wp-json\/wp\/v2\/tags?post=7416"}],"curies":[{"name":"wp","href":"https:\/\/api.w.org\/{rel}","templated":true}]}}