{"id":5339,"date":"2011-03-17T18:10:16","date_gmt":"2011-03-17T17:10:16","guid":{"rendered":"https:\/\/dev.servicemanualsgsxr.com\/?p=19051"},"modified":"2011-03-17T18:10:16","modified_gmt":"2011-03-17T17:10:16","slug":"motogp-el-gran-premio-de-japon-aplazado-a-octubre","status":"publish","type":"post","link":"https:\/\/servicemanualsgsxr.com\/es\/noticias-suzuki\/motogp-el-gran-premio-de-japon-aplazado-a-octubre\/","title":{"rendered":"MotoGP: el Gran Premio de Jap\u00f3n aplazado a Octubre"},"content":{"rendered":"<p style=\"text-align: justify;\">El terremoto que ha asolado Jap\u00f3n en lo  \u00faltimos d\u00edas y que ha da\u00f1ado algunas de las estructuras del circuito de  Motegi, en donde al parecer se han registrado algunas fisuras en el  asfalto, y el posterior tsunami, que ha provocado la alerta nuclear en  el pa\u00eds, son las razones fundamentales de la petici\u00f3n de aplazamiento de  la carrera atendida por la FIM.<\/p>\n<p style=\"text-align: justify;\">Este es el segundo aplazamiento consecutivo que sufre la carrera  japonesa, que el a\u00f1o pasado vivi\u00f3 momentos dif\u00edciles cuando se vio  relegada a la parte final del calendario al verse afectados muchos  vuelos por la erupci\u00f3n del volc\u00e1n island\u00e9s Eyjafjallajokull. Entonces,  la carrera se tuvo que aplazar al 3 de octubre, cuando su realizaci\u00f3n  estaba prevista para el 25 de abril.<\/p>\n<p style=\"text-align: justify;\">El nuevo calendario del campeonato del mundo de motociclismo queda de la siguiente manera:<\/p>\n<table border=\"1\" cellspacing=\"1\" cellpadding=\"1\">\n<tbody>\n<tr>\n<td><strong>Fecha<\/strong><\/td>\n<td><strong>Gran Premio<\/strong><\/td>\n<td><strong>Circuito<\/strong><\/td>\n<\/tr>\n<tr>\n<td>20 marzo<\/td>\n<td>Qatar<\/td>\n<td>Losail<\/td>\n<\/tr>\n<tr>\n<td>03 abril<\/td>\n<td>Espa\u00f1a<\/td>\n<td>Jerez<\/td>\n<\/tr>\n<tr>\n<td>01 mayo<\/td>\n<td>Portugal<\/td>\n<td>Estoril<\/td>\n<\/tr>\n<tr>\n<td>15 mayo<\/td>\n<td>Francia<\/td>\n<td>Le Mans<\/td>\n<\/tr>\n<tr>\n<td>05 junio<\/td>\n<td>Catalunya<\/td>\n<td>Montmel\u00f3<\/td>\n<\/tr>\n<tr>\n<td>12 junio<\/td>\n<td>Gran Breta\u00f1a<\/td>\n<td>Silverstone<\/td>\n<\/tr>\n<tr>\n<td>25 junio<\/td>\n<td>Holanda<\/td>\n<td>Assen<\/td>\n<\/tr>\n<tr>\n<td>03 julio<\/td>\n<td>Italia<\/td>\n<td>Mugello<\/td>\n<\/tr>\n<tr>\n<td>17 julio<\/td>\n<td>Alemania<\/td>\n<td>Sachsenring<\/td>\n<\/tr>\n<tr>\n<td>24 julio<\/td>\n<td>EEUU<\/td>\n<td>Laguna Seca<\/td>\n<\/tr>\n<tr>\n<td>14 agosto<\/td>\n<td>Rep. Checa<\/td>\n<td>Brno<\/td>\n<\/tr>\n<tr>\n<td>28 agosto<\/td>\n<td>Indian\u00e1polis<\/td>\n<td>Indian\u00e1polis<\/td>\n<\/tr>\n<tr>\n<td>04 septiembre<\/td>\n<td>San Marino<\/td>\n<td>Misano<\/td>\n<\/tr>\n<tr>\n<td>18 septiembre<\/td>\n<td>Arag\u00f3n<\/td>\n<td>Motorland<\/td>\n<\/tr>\n<tr>\n<td>02 octubre<\/td>\n<td>Jap\u00f3n<\/td>\n<td>Motegi<\/td>\n<\/tr>\n<tr>\n<td>16 octubre<\/td>\n<td>Australia<\/td>\n<td>Phillip Island<\/td>\n<\/tr>\n<tr>\n<td>23 octubre<\/td>\n<td>Malasia<\/td>\n<td>Sepang<\/td>\n<\/tr>\n<tr>\n<td>06 noviembre<\/td>\n<td>Valencia<\/td>\n<td>Cheste<\/td>\n<\/tr>\n<\/tbody>\n<\/table>\n","protected":false},"excerpt":{"rendered":"<p>El terremoto que ha asolado Jap\u00f3n en lo \u00faltimos d\u00edas y que ha da\u00f1ado algunas de las estructuras del circuito de Motegi, en donde al parecer se han registrado algunas fisuras en el asfalto, y el posterior tsunami, que ha provocado la alerta nuclear en el pa\u00eds, son las razones fundamentales de la petici\u00f3n de [&hellip;]<\/p>\n","protected":false},"author":1,"featured_media":5340,"comment_status":"closed","ping_status":"closed","sticky":false,"template":"","format":"standard","meta":{"footnotes":""},"categories":[279],"tags":[88],"class_list":["post-5339","post","type-post","status-publish","format-standard","has-post-thumbnail","hentry","category-noticias-suzuki","tag-motogp"],"yoast_head":"<!-- This site is optimized with the Yoast SEO plugin v27.2 - https:\/\/yoast.com\/product\/yoast-seo-wordpress\/ -->\n<title>MotoGP: el Gran Premio de Jap\u00f3n aplazado a Octubre | Motocicletas Suzuki<\/title>\n<meta name=\"robots\" content=\"index, follow, max-snippet:-1, max-image-preview:large, max-video-preview:-1\" \/>\n<link rel=\"canonical\" href=\"https:\/\/servicemanualsgsxr.com\/es\/sin-categoria\/motogp-el-gran-premio-de-japon-aplazado-a-octubre\/\" \/>\n<meta property=\"og:locale\" content=\"es_ES\" \/>\n<meta property=\"og:type\" content=\"article\" \/>\n<meta property=\"og:title\" content=\"MotoGP: el Gran Premio de Jap\u00f3n aplazado a Octubre | Motocicletas Suzuki\" \/>\n<meta property=\"og:description\" content=\"El terremoto que ha asolado Jap\u00f3n en lo \u00faltimos d\u00edas y que ha da\u00f1ado algunas de las estructuras del circuito de Motegi, en donde al parecer se han registrado algunas fisuras en el asfalto, y el posterior tsunami, que ha provocado la alerta nuclear en el pa\u00eds, son las razones fundamentales de la petici\u00f3n de [&hellip;]\" \/>\n<meta property=\"og:url\" content=\"https:\/\/servicemanualsgsxr.com\/es\/sin-categoria\/motogp-el-gran-premio-de-japon-aplazado-a-octubre\/\" \/>\n<meta property=\"og:site_name\" content=\"Motocicletas Suzuki\" \/>\n<meta property=\"article:published_time\" content=\"2011-03-17T17:10:16+00:00\" \/>\n<meta property=\"og:image\" content=\"https:\/\/servicemanualsgsxr.com\/es\/wp-content\/uploads\/2023\/09\/suzuki-motorcycles-logo.png\" \/>\n\t<meta property=\"og:image:width\" content=\"670\" \/>\n\t<meta property=\"og:image:height\" content=\"126\" \/>\n\t<meta property=\"og:image:type\" content=\"image\/png\" \/>\n<meta name=\"author\" content=\"Suzuki Motocicletas\" \/>\n<meta name=\"twitter:card\" content=\"summary_large_image\" \/>\n<meta name=\"twitter:label1\" content=\"Escrito por\" \/>\n\t<meta name=\"twitter:data1\" content=\"Suzuki Motocicletas\" \/>\n\t<meta name=\"twitter:label2\" content=\"Tiempo de lectura\" \/>\n\t<meta name=\"twitter:data2\" content=\"1 minuto\" \/>\n<script type=\"application\/ld+json\" class=\"yoast-schema-graph\">{\"@context\":\"https:\/\/schema.org\",\"@graph\":[{\"@type\":\"Article\",\"@id\":\"https:\/\/servicemanualsgsxr.com\/es\/sin-categoria\/motogp-el-gran-premio-de-japon-aplazado-a-octubre\/#article\",\"isPartOf\":{\"@id\":\"https:\/\/servicemanualsgsxr.com\/es\/sin-categoria\/motogp-el-gran-premio-de-japon-aplazado-a-octubre\/\"},\"author\":{\"name\":\"Suzuki Motocicletas\",\"@id\":\"https:\/\/servicemanualsgsxr.com\/es\/#\/schema\/person\/b2452f1f1c397049f68165f3dd829646\"},\"headline\":\"MotoGP: el Gran Premio de Jap\u00f3n aplazado a Octubre\",\"datePublished\":\"2011-03-17T17:10:16+00:00\",\"mainEntityOfPage\":{\"@id\":\"https:\/\/servicemanualsgsxr.com\/es\/sin-categoria\/motogp-el-gran-premio-de-japon-aplazado-a-octubre\/\"},\"wordCount\":227,\"publisher\":{\"@id\":\"https:\/\/servicemanualsgsxr.com\/es\/#organization\"},\"image\":{\"@id\":\"https:\/\/servicemanualsgsxr.com\/es\/sin-categoria\/motogp-el-gran-premio-de-japon-aplazado-a-octubre\/#primaryimage\"},\"thumbnailUrl\":\"https:\/\/servicemanualsgsxr.com\/es\/wp-content\/uploads\/2011\/03\/circuito-motegi-japon.jpg\",\"keywords\":[\"MotoGP\"],\"articleSection\":[\"Noticias Suzuki\"],\"inLanguage\":\"es\"},{\"@type\":\"WebPage\",\"@id\":\"https:\/\/servicemanualsgsxr.com\/es\/sin-categoria\/motogp-el-gran-premio-de-japon-aplazado-a-octubre\/\",\"url\":\"https:\/\/servicemanualsgsxr.com\/es\/sin-categoria\/motogp-el-gran-premio-de-japon-aplazado-a-octubre\/\",\"name\":\"MotoGP: el Gran Premio de Jap\u00f3n aplazado a Octubre | Motocicletas Suzuki\",\"isPartOf\":{\"@id\":\"https:\/\/servicemanualsgsxr.com\/es\/#website\"},\"primaryImageOfPage\":{\"@id\":\"https:\/\/servicemanualsgsxr.com\/es\/sin-categoria\/motogp-el-gran-premio-de-japon-aplazado-a-octubre\/#primaryimage\"},\"image\":{\"@id\":\"https:\/\/servicemanualsgsxr.com\/es\/sin-categoria\/motogp-el-gran-premio-de-japon-aplazado-a-octubre\/#primaryimage\"},\"thumbnailUrl\":\"https:\/\/servicemanualsgsxr.com\/es\/wp-content\/uploads\/2011\/03\/circuito-motegi-japon.jpg\",\"datePublished\":\"2011-03-17T17:10:16+00:00\",\"breadcrumb\":{\"@id\":\"https:\/\/servicemanualsgsxr.com\/es\/sin-categoria\/motogp-el-gran-premio-de-japon-aplazado-a-octubre\/#breadcrumb\"},\"inLanguage\":\"es\",\"potentialAction\":[{\"@type\":\"ReadAction\",\"target\":[\"https:\/\/servicemanualsgsxr.com\/es\/sin-categoria\/motogp-el-gran-premio-de-japon-aplazado-a-octubre\/\"]}]},{\"@type\":\"ImageObject\",\"inLanguage\":\"es\",\"@id\":\"https:\/\/servicemanualsgsxr.com\/es\/sin-categoria\/motogp-el-gran-premio-de-japon-aplazado-a-octubre\/#primaryimage\",\"url\":\"https:\/\/servicemanualsgsxr.com\/es\/wp-content\/uploads\/2011\/03\/circuito-motegi-japon.jpg\",\"contentUrl\":\"https:\/\/servicemanualsgsxr.com\/es\/wp-content\/uploads\/2011\/03\/circuito-motegi-japon.jpg\",\"width\":800,\"height\":505,\"caption\":\"MotoGP - circuito de motegi en japon\"},{\"@type\":\"BreadcrumbList\",\"@id\":\"https:\/\/servicemanualsgsxr.com\/es\/sin-categoria\/motogp-el-gran-premio-de-japon-aplazado-a-octubre\/#breadcrumb\",\"itemListElement\":[{\"@type\":\"ListItem\",\"position\":1,\"name\":\"Portada\",\"item\":\"https:\/\/servicemanualsgsxr.com\/es\/\"},{\"@type\":\"ListItem\",\"position\":2,\"name\":\"MotoGP: el Gran Premio de Jap\u00f3n aplazado a Octubre\"}]},{\"@type\":\"WebSite\",\"@id\":\"https:\/\/servicemanualsgsxr.com\/es\/#website\",\"url\":\"https:\/\/servicemanualsgsxr.com\/es\/\",\"name\":\"Motocicletas Suzuki\",\"description\":\"Noticias, informaci\u00f3n y fichas t\u00e9cnicas de motocicletas Suzuki en los modelos deportivas, carretera, trail sport turismo, scooter, cruiser, motocross y enduro\",\"publisher\":{\"@id\":\"https:\/\/servicemanualsgsxr.com\/es\/#organization\"},\"potentialAction\":[{\"@type\":\"SearchAction\",\"target\":{\"@type\":\"EntryPoint\",\"urlTemplate\":\"https:\/\/servicemanualsgsxr.com\/es\/?s={search_term_string}\"},\"query-input\":{\"@type\":\"PropertyValueSpecification\",\"valueRequired\":true,\"valueName\":\"search_term_string\"}}],\"inLanguage\":\"es\"},{\"@type\":\"Organization\",\"@id\":\"https:\/\/servicemanualsgsxr.com\/es\/#organization\",\"name\":\"Motocicletas Suzuki\",\"url\":\"https:\/\/servicemanualsgsxr.com\/es\/\",\"logo\":{\"@type\":\"ImageObject\",\"inLanguage\":\"es\",\"@id\":\"https:\/\/servicemanualsgsxr.com\/es\/#\/schema\/logo\/image\/\",\"url\":\"https:\/\/servicemanualsgsxr.com\/es\/wp-content\/uploads\/2023\/09\/suzuki-motorcycles-logo.png\",\"contentUrl\":\"https:\/\/servicemanualsgsxr.com\/es\/wp-content\/uploads\/2023\/09\/suzuki-motorcycles-logo.png\",\"width\":670,\"height\":126,\"caption\":\"Motocicletas Suzuki\"},\"image\":{\"@id\":\"https:\/\/servicemanualsgsxr.com\/es\/#\/schema\/logo\/image\/\"}},{\"@type\":\"Person\",\"@id\":\"https:\/\/servicemanualsgsxr.com\/es\/#\/schema\/person\/b2452f1f1c397049f68165f3dd829646\",\"name\":\"Suzuki Motocicletas\",\"image\":{\"@type\":\"ImageObject\",\"inLanguage\":\"es\",\"@id\":\"https:\/\/secure.gravatar.com\/avatar\/981a5def2f1be828444400f539b770cc31b7cb6754c855753f59abb58aefeec2?s=96&d=mm&r=g\",\"url\":\"https:\/\/secure.gravatar.com\/avatar\/981a5def2f1be828444400f539b770cc31b7cb6754c855753f59abb58aefeec2?s=96&d=mm&r=g\",\"contentUrl\":\"https:\/\/secure.gravatar.com\/avatar\/981a5def2f1be828444400f539b770cc31b7cb6754c855753f59abb58aefeec2?s=96&d=mm&r=g\",\"caption\":\"Suzuki Motocicletas\"},\"sameAs\":[\"https:\/\/servicemanualsgsxr.com\/es\"],\"url\":\"https:\/\/servicemanualsgsxr.com\/es\/author\/root\/\"}]}<\/script>\n<!-- \/ Yoast SEO plugin. -->","yoast_head_json":{"title":"MotoGP: el Gran Premio de Jap\u00f3n aplazado a Octubre | Motocicletas Suzuki","robots":{"index":"index","follow":"follow","max-snippet":"max-snippet:-1","max-image-preview":"max-image-preview:large","max-video-preview":"max-video-preview:-1"},"canonical":"https:\/\/servicemanualsgsxr.com\/es\/sin-categoria\/motogp-el-gran-premio-de-japon-aplazado-a-octubre\/","og_locale":"es_ES","og_type":"article","og_title":"MotoGP: el Gran Premio de Jap\u00f3n aplazado a Octubre | Motocicletas Suzuki","og_description":"El terremoto que ha asolado Jap\u00f3n en lo \u00faltimos d\u00edas y que ha da\u00f1ado algunas de las estructuras del circuito de Motegi, en donde al parecer se han registrado algunas fisuras en el asfalto, y el posterior tsunami, que ha provocado la alerta nuclear en el pa\u00eds, son las razones fundamentales de la petici\u00f3n de [&hellip;]","og_url":"https:\/\/servicemanualsgsxr.com\/es\/sin-categoria\/motogp-el-gran-premio-de-japon-aplazado-a-octubre\/","og_site_name":"Motocicletas Suzuki","article_published_time":"2011-03-17T17:10:16+00:00","og_image":[{"width":670,"height":126,"url":"https:\/\/servicemanualsgsxr.com\/es\/wp-content\/uploads\/2023\/09\/suzuki-motorcycles-logo.png","type":"image\/png"}],"author":"Suzuki Motocicletas","twitter_card":"summary_large_image","twitter_misc":{"Escrito por":"Suzuki Motocicletas","Tiempo de lectura":"1 minuto"},"schema":{"@context":"https:\/\/schema.org","@graph":[{"@type":"Article","@id":"https:\/\/servicemanualsgsxr.com\/es\/sin-categoria\/motogp-el-gran-premio-de-japon-aplazado-a-octubre\/#article","isPartOf":{"@id":"https:\/\/servicemanualsgsxr.com\/es\/sin-categoria\/motogp-el-gran-premio-de-japon-aplazado-a-octubre\/"},"author":{"name":"Suzuki Motocicletas","@id":"https:\/\/servicemanualsgsxr.com\/es\/#\/schema\/person\/b2452f1f1c397049f68165f3dd829646"},"headline":"MotoGP: el Gran Premio de Jap\u00f3n aplazado a Octubre","datePublished":"2011-03-17T17:10:16+00:00","mainEntityOfPage":{"@id":"https:\/\/servicemanualsgsxr.com\/es\/sin-categoria\/motogp-el-gran-premio-de-japon-aplazado-a-octubre\/"},"wordCount":227,"publisher":{"@id":"https:\/\/servicemanualsgsxr.com\/es\/#organization"},"image":{"@id":"https:\/\/servicemanualsgsxr.com\/es\/sin-categoria\/motogp-el-gran-premio-de-japon-aplazado-a-octubre\/#primaryimage"},"thumbnailUrl":"https:\/\/servicemanualsgsxr.com\/es\/wp-content\/uploads\/2011\/03\/circuito-motegi-japon.jpg","keywords":["MotoGP"],"articleSection":["Noticias Suzuki"],"inLanguage":"es"},{"@type":"WebPage","@id":"https:\/\/servicemanualsgsxr.com\/es\/sin-categoria\/motogp-el-gran-premio-de-japon-aplazado-a-octubre\/","url":"https:\/\/servicemanualsgsxr.com\/es\/sin-categoria\/motogp-el-gran-premio-de-japon-aplazado-a-octubre\/","name":"MotoGP: el Gran Premio de Jap\u00f3n aplazado a Octubre | Motocicletas Suzuki","isPartOf":{"@id":"https:\/\/servicemanualsgsxr.com\/es\/#website"},"primaryImageOfPage":{"@id":"https:\/\/servicemanualsgsxr.com\/es\/sin-categoria\/motogp-el-gran-premio-de-japon-aplazado-a-octubre\/#primaryimage"},"image":{"@id":"https:\/\/servicemanualsgsxr.com\/es\/sin-categoria\/motogp-el-gran-premio-de-japon-aplazado-a-octubre\/#primaryimage"},"thumbnailUrl":"https:\/\/servicemanualsgsxr.com\/es\/wp-content\/uploads\/2011\/03\/circuito-motegi-japon.jpg","datePublished":"2011-03-17T17:10:16+00:00","breadcrumb":{"@id":"https:\/\/servicemanualsgsxr.com\/es\/sin-categoria\/motogp-el-gran-premio-de-japon-aplazado-a-octubre\/#breadcrumb"},"inLanguage":"es","potentialAction":[{"@type":"ReadAction","target":["https:\/\/servicemanualsgsxr.com\/es\/sin-categoria\/motogp-el-gran-premio-de-japon-aplazado-a-octubre\/"]}]},{"@type":"ImageObject","inLanguage":"es","@id":"https:\/\/servicemanualsgsxr.com\/es\/sin-categoria\/motogp-el-gran-premio-de-japon-aplazado-a-octubre\/#primaryimage","url":"https:\/\/servicemanualsgsxr.com\/es\/wp-content\/uploads\/2011\/03\/circuito-motegi-japon.jpg","contentUrl":"https:\/\/servicemanualsgsxr.com\/es\/wp-content\/uploads\/2011\/03\/circuito-motegi-japon.jpg","width":800,"height":505,"caption":"MotoGP - circuito de motegi en japon"},{"@type":"BreadcrumbList","@id":"https:\/\/servicemanualsgsxr.com\/es\/sin-categoria\/motogp-el-gran-premio-de-japon-aplazado-a-octubre\/#breadcrumb","itemListElement":[{"@type":"ListItem","position":1,"name":"Portada","item":"https:\/\/servicemanualsgsxr.com\/es\/"},{"@type":"ListItem","position":2,"name":"MotoGP: el Gran Premio de Jap\u00f3n aplazado a Octubre"}]},{"@type":"WebSite","@id":"https:\/\/servicemanualsgsxr.com\/es\/#website","url":"https:\/\/servicemanualsgsxr.com\/es\/","name":"Motocicletas Suzuki","description":"Noticias, informaci\u00f3n y fichas t\u00e9cnicas de motocicletas Suzuki en los modelos deportivas, carretera, trail sport turismo, scooter, cruiser, motocross y enduro","publisher":{"@id":"https:\/\/servicemanualsgsxr.com\/es\/#organization"},"potentialAction":[{"@type":"SearchAction","target":{"@type":"EntryPoint","urlTemplate":"https:\/\/servicemanualsgsxr.com\/es\/?s={search_term_string}"},"query-input":{"@type":"PropertyValueSpecification","valueRequired":true,"valueName":"search_term_string"}}],"inLanguage":"es"},{"@type":"Organization","@id":"https:\/\/servicemanualsgsxr.com\/es\/#organization","name":"Motocicletas Suzuki","url":"https:\/\/servicemanualsgsxr.com\/es\/","logo":{"@type":"ImageObject","inLanguage":"es","@id":"https:\/\/servicemanualsgsxr.com\/es\/#\/schema\/logo\/image\/","url":"https:\/\/servicemanualsgsxr.com\/es\/wp-content\/uploads\/2023\/09\/suzuki-motorcycles-logo.png","contentUrl":"https:\/\/servicemanualsgsxr.com\/es\/wp-content\/uploads\/2023\/09\/suzuki-motorcycles-logo.png","width":670,"height":126,"caption":"Motocicletas Suzuki"},"image":{"@id":"https:\/\/servicemanualsgsxr.com\/es\/#\/schema\/logo\/image\/"}},{"@type":"Person","@id":"https:\/\/servicemanualsgsxr.com\/es\/#\/schema\/person\/b2452f1f1c397049f68165f3dd829646","name":"Suzuki Motocicletas","image":{"@type":"ImageObject","inLanguage":"es","@id":"https:\/\/secure.gravatar.com\/avatar\/981a5def2f1be828444400f539b770cc31b7cb6754c855753f59abb58aefeec2?s=96&d=mm&r=g","url":"https:\/\/secure.gravatar.com\/avatar\/981a5def2f1be828444400f539b770cc31b7cb6754c855753f59abb58aefeec2?s=96&d=mm&r=g","contentUrl":"https:\/\/secure.gravatar.com\/avatar\/981a5def2f1be828444400f539b770cc31b7cb6754c855753f59abb58aefeec2?s=96&d=mm&r=g","caption":"Suzuki Motocicletas"},"sameAs":["https:\/\/servicemanualsgsxr.com\/es"],"url":"https:\/\/servicemanualsgsxr.com\/es\/author\/root\/"}]}},"_links":{"self":[{"href":"https:\/\/servicemanualsgsxr.com\/es\/wp-json\/wp\/v2\/posts\/5339","targetHints":{"allow":["GET"]}}],"collection":[{"href":"https:\/\/servicemanualsgsxr.com\/es\/wp-json\/wp\/v2\/posts"}],"about":[{"href":"https:\/\/servicemanualsgsxr.com\/es\/wp-json\/wp\/v2\/types\/post"}],"author":[{"embeddable":true,"href":"https:\/\/servicemanualsgsxr.com\/es\/wp-json\/wp\/v2\/users\/1"}],"replies":[{"embeddable":true,"href":"https:\/\/servicemanualsgsxr.com\/es\/wp-json\/wp\/v2\/comments?post=5339"}],"version-history":[{"count":0,"href":"https:\/\/servicemanualsgsxr.com\/es\/wp-json\/wp\/v2\/posts\/5339\/revisions"}],"wp:featuredmedia":[{"embeddable":true,"href":"https:\/\/servicemanualsgsxr.com\/es\/wp-json\/wp\/v2\/media\/5340"}],"wp:attachment":[{"href":"https:\/\/servicemanualsgsxr.com\/es\/wp-json\/wp\/v2\/media?parent=5339"}],"wp:term":[{"taxonomy":"category","embeddable":true,"href":"https:\/\/servicemanualsgsxr.com\/es\/wp-json\/wp\/v2\/categories?post=5339"},{"taxonomy":"post_tag","embeddable":true,"href":"https:\/\/servicemanualsgsxr.com\/es\/wp-json\/wp\/v2\/tags?post=5339"}],"curies":[{"name":"wp","href":"https:\/\/api.w.org\/{rel}","templated":true}]}}